{"id":673,"date":"2025-11-26T13:10:37","date_gmt":"2025-11-26T12:10:37","guid":{"rendered":"https:\/\/www.zahnarztpraxis-volken.ch\/?p=673"},"modified":"2025-11-26T13:10:59","modified_gmt":"2025-11-26T12:10:59","slug":"abwesenheit-von-herrn-m-med-dent-volken","status":"publish","type":"post","link":"https:\/\/www.zahnarztpraxis-volken.ch\/index.php\/2025\/11\/26\/abwesenheit-von-herrn-m-med-dent-volken\/","title":{"rendered":"Abwesenheit von Herrn M med. dent. Volken"},"content":{"rendered":"\n<p>Aufgrund verschiedener Weiterbildungen von Herrn M. med. dent. Volken sind wir in n\u00e4chster Zeit nicht zu unseren regul\u00e4ren Telefonzeiten erreichbar.<\/p>\n\n\n\n<p>Wir sind f\u00fcr Sie da:<\/p>\n\n\n\n<p><\/p>\n\n\n\n<ul class=\"wp-block-list\">\n<li><strong>01.12.2025:<\/strong> 09:00\u201312:00 Uhr und 13:30\u201316:30 Uhr (telefonisch und per Mail erreichbar)<\/li>\n\n\n\n<li><strong>05.12.2025:<\/strong> 09:00\u201311:30 Uhr und 13:30\u201316:00 Uhr (telefonisch und per Mail erreichbar)<\/li>\n\n\n\n<li><strong>09.12.2025 &amp; 10.12.2025:<\/strong> 09:00\u201312:00 Uhr und 13:30\u201316:00 Uhr (telefonisch und per Mail erreichbar)<\/li>\n<\/ul>\n\n\n\n<p>Ab dem <strong>15.12.2025<\/strong> sind wir wieder zu unseren regul\u00e4ren Zeiten telefonisch und per Mail erreichbar.<\/p>\n\n\n\n<p><strong>Nicht erreichbar sind wir an folgenden Tagen:<\/strong><\/p>\n\n\n\n<ul class=\"wp-block-list\">\n<li>27.11.2025<\/li>\n\n\n\n<li>28.11.2025 <\/li>\n\n\n\n<li>02.12.2025 bis und mit 04.12.2025<\/li>\n\n\n\n<li>08.12.2025<\/li>\n\n\n\n<li>12.12.2025<\/li>\n<\/ul>\n\n\n\n<p>In dringenden F\u00e4llen bitten wir Sie, sich an den zahn\u00e4rztlichen Notfalldienst Oberwallis unter der Nummer <strong>027 924 15 88<\/strong> zu wenden.<\/p>\n\n\n\n<p>Besten Dank f\u00fcr Ihr Verst\u00e4ndnis.<br>Ihr Zahnarztpraxis-Team<\/p>\n\n\n\n<p><\/p>\n","protected":false},"excerpt":{"rendered":"<p>Aufgrund verschiedener Weiterbildungen von Herrn M. med. dent. Volken sind wir in n\u00e4chster Zeit nicht zu unseren regul\u00e4ren Telefonzeiten erreichbar. Wir sind f\u00fcr Sie da: Ab dem 15.12.2025 sind wir wieder zu unseren regul\u00e4ren Zeiten telefonisch und per Mail erreichbar. Nicht erreichbar sind wir an folgenden Tagen: In dringenden F\u00e4llen bitten wir Sie, sich an &hellip;<\/p>\n<p class=\"read-more\"> <a class=\"\" href=\"https:\/\/www.zahnarztpraxis-volken.ch\/index.php\/2025\/11\/26\/abwesenheit-von-herrn-m-med-dent-volken\/\"> <span class=\"screen-reader-text\">Abwesenheit von Herrn M med. dent. Volken<\/span> Weiterlesen &raquo;<\/a><\/p>\n","protected":false},"author":2,"featured_media":0,"comment_status":"open","ping_status":"open","sticky":false,"template":"","format":"standard","meta":{"_mi_skip_tracking":false,"site-sidebar-layout":"default","site-content-layout":"default","ast-global-header-display":"","ast-main-header-display":"","ast-hfb-above-header-display":"","ast-hfb-below-header-display":"","ast-hfb-mobile-header-display":"","site-post-title":"","ast-breadcrumbs-content":"","ast-featured-img":"","footer-sml-layout":"","theme-transparent-header-meta":"","adv-header-id-meta":"","stick-header-meta":"","header-above-stick-meta":"","header-main-stick-meta":"","header-below-stick-meta":"","footnotes":""},"categories":[8],"tags":[],"class_list":["post-673","post","type-post","status-publish","format-standard","hentry","category-news"],"aioseo_notices":[],"_links":{"self":[{"href":"https:\/\/www.zahnarztpraxis-volken.ch\/index.php\/wp-json\/wp\/v2\/posts\/673","targetHints":{"allow":["GET"]}}],"collection":[{"href":"https:\/\/www.zahnarztpraxis-volken.ch\/index.php\/wp-json\/wp\/v2\/posts"}],"about":[{"href":"https:\/\/www.zahnarztpraxis-volken.ch\/index.php\/wp-json\/wp\/v2\/types\/post"}],"author":[{"embeddable":true,"href":"https:\/\/www.zahnarztpraxis-volken.ch\/index.php\/wp-json\/wp\/v2\/users\/2"}],"replies":[{"embeddable":true,"href":"https:\/\/www.zahnarztpraxis-volken.ch\/index.php\/wp-json\/wp\/v2\/comments?post=673"}],"version-history":[{"count":1,"href":"https:\/\/www.zahnarztpraxis-volken.ch\/index.php\/wp-json\/wp\/v2\/posts\/673\/revisions"}],"predecessor-version":[{"id":674,"href":"https:\/\/www.zahnarztpraxis-volken.ch\/index.php\/wp-json\/wp\/v2\/posts\/673\/revisions\/674"}],"wp:attachment":[{"href":"https:\/\/www.zahnarztpraxis-volken.ch\/index.php\/wp-json\/wp\/v2\/media?parent=673"}],"wp:term":[{"taxonomy":"category","embeddable":true,"href":"https:\/\/www.zahnarztpraxis-volken.ch\/index.php\/wp-json\/wp\/v2\/categories?post=673"},{"taxonomy":"post_tag","embeddable":true,"href":"https:\/\/www.zahnarztpraxis-volken.ch\/index.php\/wp-json\/wp\/v2\/tags?post=673"}],"curies":[{"name":"wp","href":"https:\/\/api.w.org\/{rel}","templated":true}]}}