{"id":53,"date":"2022-10-15T10:14:33","date_gmt":"2022-10-15T10:14:33","guid":{"rendered":"https:\/\/magical-kapitsa.185-178-194-46.plesk.page\/?p=53"},"modified":"2023-09-12T10:15:52","modified_gmt":"2023-09-12T08:15:52","slug":"umbauarbeiten-haben-begonnen","status":"publish","type":"post","link":"https:\/\/www.zahnarztpraxis-volken.ch\/index.php\/2022\/10\/15\/umbauarbeiten-haben-begonnen\/","title":{"rendered":"Umbauarbeiten haben begonnen"},"content":{"rendered":"\n<div class=\"wp-block-columns is-layout-flex wp-container-core-columns-is-layout-28f84493 wp-block-columns-is-layout-flex\">\n<div class=\"wp-block-column is-layout-flow wp-block-column-is-layout-flow\">\n<figure class=\"wp-block-image size-full\"><img loading=\"lazy\" decoding=\"async\" width=\"768\" height=\"1024\" src=\"https:\/\/www.zahnarztpraxis-volken.ch\/wp-content\/uploads\/2022\/10\/WhatsApp-Image-2022-10-14-at-15.14.57.jpeg\" alt=\"\" class=\"wp-image-17\" srcset=\"https:\/\/www.zahnarztpraxis-volken.ch\/wp-content\/uploads\/2022\/10\/WhatsApp-Image-2022-10-14-at-15.14.57.jpeg 768w, https:\/\/www.zahnarztpraxis-volken.ch\/wp-content\/uploads\/2022\/10\/WhatsApp-Image-2022-10-14-at-15.14.57-225x300.jpeg 225w\" sizes=\"auto, (max-width: 768px) 100vw, 768px\" \/><\/figure>\n<\/div>\n\n\n\n<div class=\"wp-block-column is-vertically-aligned-center is-layout-flow wp-block-column-is-layout-flow\">\n<p class=\"has-text-align-left\">Die Umbauarbeiten haben begonnen. Wir freuen uns, Sie im Fr\u00fchling 2023 begr\u00fcssen zu d\u00fcrfen.<\/p>\n<\/div>\n<\/div>\n\n\n\n<p class=\"has-text-align-center\"><a href=\"https:\/\/www.zahnarztpraxis-volken.ch\/index.php\/impressum\/\" target=\"_blank\" rel=\"noopener\" title=\"Impressum\">Impressum <\/a>\/ <a href=\"https:\/\/www.zahnarztpraxis-volken.ch\/index.php\/datenschutzerklaerung\/\" target=\"_blank\" rel=\"noopener\" title=\"Datenschutzerkl\u00e4rung\">Datenschutzerkl\u00e4rung<\/a><\/p>\n","protected":false},"excerpt":{"rendered":"<p>Die Umbauarbeiten haben begonnen. Wir freuen uns, Sie im Fr\u00fchling 2023 begr\u00fcssen zu d\u00fcrfen. Impressum \/ Datenschutzerkl\u00e4rung<\/p>\n","protected":false},"author":1,"featured_media":0,"comment_status":"open","ping_status":"open","sticky":false,"template":"","format":"standard","meta":{"_mi_skip_tracking":false,"site-sidebar-layout":"default","site-content-layout":"default","ast-global-header-display":"","ast-main-header-display":"","ast-hfb-above-header-display":"","ast-hfb-below-header-display":"","ast-hfb-mobile-header-display":"","site-post-title":"","ast-breadcrumbs-content":"","ast-featured-img":"","footer-sml-layout":"","theme-transparent-header-meta":"","adv-header-id-meta":"","stick-header-meta":"","header-above-stick-meta":"","header-main-stick-meta":"","header-below-stick-meta":"","footnotes":""},"categories":[8],"tags":[],"class_list":["post-53","post","type-post","status-publish","format-standard","hentry","category-news"],"aioseo_notices":[],"_links":{"self":[{"href":"https:\/\/www.zahnarztpraxis-volken.ch\/index.php\/wp-json\/wp\/v2\/posts\/53","targetHints":{"allow":["GET"]}}],"collection":[{"href":"https:\/\/www.zahnarztpraxis-volken.ch\/index.php\/wp-json\/wp\/v2\/posts"}],"about":[{"href":"https:\/\/www.zahnarztpraxis-volken.ch\/index.php\/wp-json\/wp\/v2\/types\/post"}],"author":[{"embeddable":true,"href":"https:\/\/www.zahnarztpraxis-volken.ch\/index.php\/wp-json\/wp\/v2\/users\/1"}],"replies":[{"embeddable":true,"href":"https:\/\/www.zahnarztpraxis-volken.ch\/index.php\/wp-json\/wp\/v2\/comments?post=53"}],"version-history":[{"count":4,"href":"https:\/\/www.zahnarztpraxis-volken.ch\/index.php\/wp-json\/wp\/v2\/posts\/53\/revisions"}],"predecessor-version":[{"id":556,"href":"https:\/\/www.zahnarztpraxis-volken.ch\/index.php\/wp-json\/wp\/v2\/posts\/53\/revisions\/556"}],"wp:attachment":[{"href":"https:\/\/www.zahnarztpraxis-volken.ch\/index.php\/wp-json\/wp\/v2\/media?parent=53"}],"wp:term":[{"taxonomy":"category","embeddable":true,"href":"https:\/\/www.zahnarztpraxis-volken.ch\/index.php\/wp-json\/wp\/v2\/categories?post=53"},{"taxonomy":"post_tag","embeddable":true,"href":"https:\/\/www.zahnarztpraxis-volken.ch\/index.php\/wp-json\/wp\/v2\/tags?post=53"}],"curies":[{"name":"wp","href":"https:\/\/api.w.org\/{rel}","templated":true}]}}